{"id":3907,"date":"2015-08-25T06:49:31","date_gmt":"2015-08-25T13:49:31","guid":{"rendered":"http:\/\/www.profelectro.info\/fm\/?p=3907"},"modified":"2015-08-25T06:49:31","modified_gmt":"2015-08-25T13:49:31","slug":"lamine-konte-la-kora-du-senegal","status":"publish","type":"post","link":"https:\/\/www.profelectro.info\/fm\/2015\/08\/25\/lamine-konte-la-kora-du-senegal\/","title":{"rendered":"Lamine Kont\u00e9 &#8211; &#8220;La Kora du S\u00e9n\u00e9gal&#8221;"},"content":{"rendered":"<div style=\"text-align: center;margin: 12px;\"><script type=\"text\/javascript\"><!--\ngoogle_ad_client = \"pub-9853707030319137\";\ngoogle_alternate_color = \"FFFFFF\";\ngoogle_ad_width = 468;\ngoogle_ad_height = 60;\ngoogle_ad_format = \"468x60_as\";\ngoogle_ad_type = \"text_image\";\ngoogle_ad_channel =\"\";\ngoogle_color_border = \"#FFFFFF\";\ngoogle_color_link = \"\";\ngoogle_color_bg = \"#FFFFFF\";\ngoogle_color_text = \"\";\ngoogle_color_url = \"\";\ngoogle_ui_features = \"rc:0\";\n\/\/--><\/script>\n<script type=\"text\/javascript\"\n  src=\"http:\/\/pagead2.googlesyndication.com\/pagead\/show_ads.js\">\n<\/script><\/div><p>Pop Rock<\/p>\n<p>10 FEVEREIRO 1994<br \/>\nREEDI\u00c7\u00d5ES<\/p>\n<p>Lamine Kont\u00e9<br \/>\nLa Kora du S\u00e9n\u00e9gal<br \/>\nCD Arion, distri. Megam\u00fasica<\/p>\n<p><center><br \/>\n<a href=\"http:\/\/www.profelectro.info\/fm\/?attachment_id=3908\" rel=\"attachment wp-att-3908\"><img loading=\"lazy\" decoding=\"async\" src=\"http:\/\/www.profelectro.info\/fm\/wp-content\/uploads\/2015\/08\/lk-300x298.jpg\" alt=\"lk\" width=\"300\" height=\"298\" class=\"aligncenter size-medium wp-image-3908\" srcset=\"https:\/\/www.profelectro.info\/fm\/wp-content\/uploads\/2015\/08\/lk.jpg 300w, https:\/\/www.profelectro.info\/fm\/wp-content\/uploads\/2015\/08\/lk-150x150.jpg 150w, https:\/\/www.profelectro.info\/fm\/wp-content\/uploads\/2015\/08\/lk-100x100.jpg 100w\" sizes=\"auto, (max-width: 300px) 100vw, 300px\" \/><\/a><br \/>\n<\/center><\/p>\n<p>Considerado o instrumento musical mais rico do continente africano, o kora exige aos seus praticantes capacidades t\u00e9cnicas \u00e0 altura. Lamine Kont\u00e9, descendente dos \u201cgriots\u201d (a prop\u00f3sito, h\u00e1 algum m\u00fasico da \u00c1frica Ocidental que o n\u00e3o seja?&#8230;) estudou kora anos a fio at\u00e9 conseguir um estilo pessoal. \u201c\u00c9 Lamine Kont\u00e9 que est\u00e1 a tocar\u201d, quer que digam dele. Neste caso, o kora apresenta-se a solo ou em di\u00e1logos com o balafon (marimba). R\u00edtmicas intrincadas alternam com o batimento visceral dos tambores, c\u00e2nticos mandingue e vocaliza\u00e7\u00f5es femininas tornadas de s\u00fabito familiares numa balada cantada em crioulo portugu\u00eas, \u201cGna terra\u201d ou na rumba afro-portuguesa \u201cTelephonista\u201d. (7)<\/p>\n<p><a href=\"https:\/\/www.mediafire.com\/?hxseg5wwz2tboje\" target=\"_blank\">aqui<\/a><\/p>\n<p><center><br \/>\n<iframe loading=\"lazy\" width=\"420\" height=\"315\" src=\"https:\/\/www.youtube.com\/embed\/vjx7dADwvmo\" frameborder=\"0\" allowfullscreen><\/iframe><br \/>\n<\/center><\/p>\n","protected":false},"excerpt":{"rendered":"<p>Pop Rock 10 FEVEREIRO 1994 REEDI\u00c7\u00d5ES Lamine Kont\u00e9 La Kora du S\u00e9n\u00e9gal CD Arion, distri. Megam\u00fasica Considerado o instrumento musical mais rico do continente africano, o kora exige aos seus praticantes capacidades t\u00e9cnicas \u00e0 altura. Lamine Kont\u00e9, descendente dos \u201cgriots\u201d (a prop\u00f3sito, h\u00e1 algum m\u00fasico da \u00c1frica Ocidental que o n\u00e3o seja?&#8230;) estudou kora anos [&hellip;]<\/p>\n","protected":false},"author":1,"featured_media":0,"comment_status":"open","ping_status":"open","sticky":false,"template":"","format":"standard","meta":{"footnotes":""},"categories":[1022,179,68],"tags":[1056],"class_list":["post-3907","post","type-post","status-publish","format-standard","hentry","category-criticas-1993","category-etno","category-world","tag-lamine-konte"],"views":1699,"_links":{"self":[{"href":"https:\/\/www.profelectro.info\/fm\/wp-json\/wp\/v2\/posts\/3907","targetHints":{"allow":["GET"]}}],"collection":[{"href":"https:\/\/www.profelectro.info\/fm\/wp-json\/wp\/v2\/posts"}],"about":[{"href":"https:\/\/www.profelectro.info\/fm\/wp-json\/wp\/v2\/types\/post"}],"author":[{"embeddable":true,"href":"https:\/\/www.profelectro.info\/fm\/wp-json\/wp\/v2\/users\/1"}],"replies":[{"embeddable":true,"href":"https:\/\/www.profelectro.info\/fm\/wp-json\/wp\/v2\/comments?post=3907"}],"version-history":[{"count":1,"href":"https:\/\/www.profelectro.info\/fm\/wp-json\/wp\/v2\/posts\/3907\/revisions"}],"predecessor-version":[{"id":3909,"href":"https:\/\/www.profelectro.info\/fm\/wp-json\/wp\/v2\/posts\/3907\/revisions\/3909"}],"wp:attachment":[{"href":"https:\/\/www.profelectro.info\/fm\/wp-json\/wp\/v2\/media?parent=3907"}],"wp:term":[{"taxonomy":"category","embeddable":true,"href":"https:\/\/www.profelectro.info\/fm\/wp-json\/wp\/v2\/categories?post=3907"},{"taxonomy":"post_tag","embeddable":true,"href":"https:\/\/www.profelectro.info\/fm\/wp-json\/wp\/v2\/tags?post=3907"}],"curies":[{"name":"wp","href":"https:\/\/api.w.org\/{rel}","templated":true}]}}