{"id":13157,"date":"2026-09-02T05:48:56","date_gmt":"2026-09-02T12:48:56","guid":{"rendered":"https:\/\/www.profelectro.info\/fm\/?p=13157"},"modified":"2026-09-02T05:48:56","modified_gmt":"2026-09-02T12:48:56","slug":"uxia-verdes-sao-os-campos-do-ceu-entrevista","status":"publish","type":"post","link":"https:\/\/www.profelectro.info\/fm\/2026\/09\/02\/uxia-verdes-sao-os-campos-do-ceu-entrevista\/","title":{"rendered":"Uxia &#8211; &#8220;Verdes S\u00e3o Os Campos Do C\u00e9u&#8221; (entrevista)"},"content":{"rendered":"<p>pop rock >> quarta-feira >> 31.01.1996<\/p>\n<div style=\"text-align: center;margin: 12px;\"><script type=\"text\/javascript\"><!--\ngoogle_ad_client = \"pub-9853707030319137\";\ngoogle_alternate_color = \"FFFFFF\";\ngoogle_ad_width = 250;\ngoogle_ad_height = 250;\ngoogle_ad_format = \"250x250_as\";\ngoogle_ad_type = \"text_image\";\ngoogle_ad_channel =\"\";\ngoogle_color_border = \"#FFFFFF\";\ngoogle_color_link = \"\";\ngoogle_color_bg = \"#FFFFFF\";\ngoogle_color_text = \"\";\ngoogle_color_url = \"\";\ngoogle_ui_features = \"rc:0\";\n\/\/--><\/script>\n<script type=\"text\/javascript\"\n  src=\"http:\/\/pagead2.googlesyndication.com\/pagead\/show_ads.js\">\n<\/script><\/div><p><strong><center>VERDES S\u00c3O OS CAMPOS DO C\u00c9U<\/center><\/p>\n<p>Uxia andou anos a cantar nos Na Lua. Agora subiu da lua para o c\u00e9u. \u201cEstou Vivindo no Ceo\u201d, o seu novo \u00e1lbum, \u00e9 um b\u00e1lsamo para o ouvido e para o esp\u00edrito. Na sua Galiza a tradi\u00e7\u00e3o diz-se tamb\u00e9m com a poesia de Lu\u00eds de Cam\u00f5es e Eug\u00e9nio de Andrade ou a m\u00fasica de Jos\u00e9 Afonso. A produ\u00e7\u00e3o \u00e9 de J\u00falio Pereira. A distribui\u00e7\u00e3o em Portugal est\u00e1 para breve.<\/strong><\/p>\n<p><center><br \/>\n<img loading=\"lazy\" decoding=\"async\" src=\"http:\/\/www.profelectro.info\/fm\/wp-content\/uploads\/2026\/09\/uxia.jpg\" alt=\"\" width=\"570\" height=\"811\" class=\"alignnone size-full wp-image-13158\" srcset=\"https:\/\/www.profelectro.info\/fm\/wp-content\/uploads\/2026\/09\/uxia.jpg 570w, https:\/\/www.profelectro.info\/fm\/wp-content\/uploads\/2026\/09\/uxia-211x300.jpg 211w, https:\/\/www.profelectro.info\/fm\/wp-content\/uploads\/2026\/09\/uxia-70x100.jpg 70w\" sizes=\"auto, (max-width: 570px) 100vw, 570px\" \/><br \/>\n<\/center><\/p>\n<p>a cantora Uxia, presen\u00e7a ass\u00eddua no nosso pa\u00eds, explicou ao P\u00daBLICO a felicidade que invade o seu novo trabalho. O sentimento de partilha e o desejo de furar o bloqueio cultural do resto da Espanha d\u00e3o-lhe alento para continuar a busca de uma via pessoal. Por onde passa a tradi\u00e7\u00e3o. Galega e portuguesa. Universal.<br \/>\n<strong>P\u00daBLICO \u2013 Sentia-se assim t\u00e3o feliz quando gravou o \u00e1lbum?<\/strong><br \/>\nUXIA \u2013 O disco corresponde a uma etapa serena da minha vida, depois de quatro anos de sil\u00eancio a preparar este trabalho. Tivemos tempo de experimentar ao vivo todas as novas can\u00e7\u00f5es, incluindo os arranjos. \u00c9 da\u00ed que vem essa tranquilidade. Mas havia uma tens\u00e3o, quando entrei no est\u00fadio. Vinha de dirigir um espect\u00e1culo de mulheres, num festival em Vigo, onde participaram a Filipa Pais, Minela, Maria Jo\u00e3o e Maria Del Mar Bonet. Comecei a gravar logo no dia seguinte.<br \/>\n<strong>P. \u2013 Por que raz\u00e3o escolheu J\u00falio Pereira para produtor?<\/strong><br \/>\nR. \u2013 Tinha uma ideia muito clara de como poderia funcionar um disco comigo. E porque ele tem um conceito de produ\u00e7\u00e3o diferente, baseado mais na pr\u00e9-produ\u00e7\u00e3o do que na produ\u00e7\u00e3o em est\u00fadio. \u00c9 uma quest\u00e3o de mentaliza\u00e7\u00e3o, de dar seguran\u00e7a e autoconfian\u00e7a, mais do que os aspectos t\u00e9cnicos. Fez-me sentir que estava a cantar melhor do que nunca.<br \/>\n<strong>P. \u2013 Na lista de m\u00fasicos convidados, al\u00e9m de um velho amigo, Natcho Munoz, nos teclados, e Quico Comesana, dos Fia na Roca, na harpa, conta com uma estrela, Kepa Junkera, na \u201ctrikitixa\u201d (acorde\u00e3o)\u2026<\/strong><br \/>\nR. \u2013 Somos amigos. \u00c9 um m\u00fasico inquieto, sempre receptivo a participar em todo o tipo de experi\u00eancias, que se adapta facilmente a qualquer cultura. Costuma actuar muitas vezes na Galiza. Foi s\u00f3 telefonar, para contar com a sua \u201ctrikitixa\u201d e a sua energia contagiante.<br \/>\n<strong>P. \u2013 E a cantora Gema Corredera?<\/strong><br \/>\nR. \u2013 \u00c9 uma magn\u00edfica cantora cubana que faz parte do duo Gema y Povel e habita h\u00e1 quatro anos na Galiza. Esteve recentemente em Cannes, no Midem. Ensinou-me muito em aspectos ligados ao canto. Al\u00e9m disso, j\u00e1 tinha colaborado num disco produzido por eles, uma homenagem a outra cantora de Cuba, Maria Teresa Vera.<br \/>\n<strong>P. \u2013 Percebe-se em \u201cEstou Vivindo no Ceo\u201d uma liga\u00e7\u00e3o mais forte do que nunca a Portugal. Cam\u00f5es, Eug\u00e9nio de Andrade, Jos\u00e9 Afonso, um tradicional da Beira Baixa\u2026<\/strong><br \/>\nR. \u2013 \u00c9 a consequ\u00eancia de uma rela\u00e7\u00e3o cada vez mais estreita. O meu interesse pela m\u00fasica e pelos m\u00fasicos portugueses n\u00e3o \u00e9 de agora. S\u00f3 que desta vez fui mais expl\u00edcita. Voltei a incidir no Eug\u00e9nio de Andrade, agora com um arranjo para piano e voz. Quanto a \u201cVerdes s\u00e3o os campos\u201d, de Jos\u00e9 Afonso, com texto de Cam\u00f5es, foi um repto para mim. Pode ser perigoso, mexer na figura do Zeca, mas fi-lo de uma forma bastante sentida, com um ambiente muito galego. T\u00e3o pouco se deve sacralizar a obra de um artista.<br \/>\n<strong>P. \u2013 Comparando com outros discos seus, onde era acompanhada apenas por homens, h\u00e1 neste uma percentagem grande de mulheres. \u00c9 um disco feminista?<\/strong><br \/>\nR. \u2013 Sim, \u00e9 positivo que o canto das mulheres esteja a retomar a sua for\u00e7a. Uma for\u00e7a que sempre existiu. Os cantos tradicionais, aqui, pertenciam basicamente \u00e0s mulheres, sem esquecer as pandeiretas que sempre animaram os ser\u00f5es, as reuni\u00f5es populares. As Leilia [respons\u00e1veis pela recolha de \u201cA laranxa\u201d, um dos temas de \u201cEstou Vivindo no Ceo\u201d] recuperaram um pouco esses cantos e essa for\u00e7a das mulheres, que agora se unem para oferecer as suas recria\u00e7\u00f5es da tradi\u00e7\u00e3o. Vou trabalhar com elas num espect\u00e1culo que se chama \u201cO Cantar das Galegas\u201d. Ser\u00e1 mais uma resposta ao mundo da m\u00fasica, um mundo machista.<br \/>\n<strong>P. \u2013 Em que ponto se encontra o seu percurso pessoal e, em paralelo, o da m\u00fasica galega actual, enquanto instrumento est\u00e9tico e pol\u00edtico?<\/strong><br \/>\nR. \u2013 Tenho feito um trabalho de selec\u00e7\u00e3o e investiga\u00e7\u00e3o dos cancioneiros ou do contacto com pessoas que fazem recolhas. Mas deixando sempre bem claro que n\u00e3o quero interferir nesse campo. O meu processo passa pela recria\u00e7\u00e3o desses temas, mas, \u00e0 medida que os estudo cada vez mais, mais d\u00favidas vou tendo. Quanto ao que se passa hoje na Galiza, digamos que o poder n\u00e3o tem (passe a redund\u00e2ncia) o poder de domesticar a nossa m\u00fasica. Actualmente h\u00e1 um movimento impressionante de m\u00fasicos, muitos deles ligados a escolas de m\u00fasica tradicional, com imensos gaiteiros e pandeireteiras, a aparecer. Poderia citar d\u00fazias e d\u00fazias de novos grupos. Agora, sejamos sinceros, tudo isto praticamente n\u00e3o chega ao resto de Espanha. Porque n\u00e3o h\u00e1 um interesse pol\u00edtico para que isso aconte\u00e7a. A responsabilidade passa um pouco pelo nosso esfor\u00e7o e pelas nossas \u201cganas\u201d, por f\u00f3rmulas que, em muitos casos, escapam ao individualismo. Temos que ter consci\u00eancia de que estamos todos no mesmo barco. No meu caso, quero e tenho confian\u00e7a em que este disco ultrapasse as fronteiras.<\/p>\n","protected":false},"excerpt":{"rendered":"<p>pop rock >> quarta-feira >> 31.01.1996 VERDES S\u00c3O OS CAMPOS DO C\u00c9U Uxia andou anos a cantar nos Na Lua. Agora subiu da lua para o c\u00e9u. \u201cEstou Vivindo no Ceo\u201d, o seu novo \u00e1lbum, \u00e9 um b\u00e1lsamo para o ouvido e para o esp\u00edrito. Na sua Galiza a tradi\u00e7\u00e3o diz-se tamb\u00e9m com a poesia [&hellip;]<\/p>\n","protected":false},"author":1,"featured_media":0,"comment_status":"open","ping_status":"open","sticky":false,"template":"","format":"standard","meta":{"footnotes":""},"categories":[1265,138,722,1260,179,28,9,68],"tags":[2600],"class_list":["post-13157","post","type-post","status-publish","format-standard","hentry","category-artigos-1996","category-cantautor","category-celtica","category-entrevistas-1996","category-etno","category-folk","category-singer-songwriter","category-world","tag-uxia"],"views":4,"_links":{"self":[{"href":"https:\/\/www.profelectro.info\/fm\/wp-json\/wp\/v2\/posts\/13157","targetHints":{"allow":["GET"]}}],"collection":[{"href":"https:\/\/www.profelectro.info\/fm\/wp-json\/wp\/v2\/posts"}],"about":[{"href":"https:\/\/www.profelectro.info\/fm\/wp-json\/wp\/v2\/types\/post"}],"author":[{"embeddable":true,"href":"https:\/\/www.profelectro.info\/fm\/wp-json\/wp\/v2\/users\/1"}],"replies":[{"embeddable":true,"href":"https:\/\/www.profelectro.info\/fm\/wp-json\/wp\/v2\/comments?post=13157"}],"version-history":[{"count":1,"href":"https:\/\/www.profelectro.info\/fm\/wp-json\/wp\/v2\/posts\/13157\/revisions"}],"predecessor-version":[{"id":13159,"href":"https:\/\/www.profelectro.info\/fm\/wp-json\/wp\/v2\/posts\/13157\/revisions\/13159"}],"wp:attachment":[{"href":"https:\/\/www.profelectro.info\/fm\/wp-json\/wp\/v2\/media?parent=13157"}],"wp:term":[{"taxonomy":"category","embeddable":true,"href":"https:\/\/www.profelectro.info\/fm\/wp-json\/wp\/v2\/categories?post=13157"},{"taxonomy":"post_tag","embeddable":true,"href":"https:\/\/www.profelectro.info\/fm\/wp-json\/wp\/v2\/tags?post=13157"}],"curies":[{"name":"wp","href":"https:\/\/api.w.org\/{rel}","templated":true}]}}