{"id":12485,"date":"2025-07-17T03:31:16","date_gmt":"2025-07-17T10:31:16","guid":{"rendered":"http:\/\/www.profelectro.info\/fm\/?p=12485"},"modified":"2025-07-17T03:31:16","modified_gmt":"2025-07-17T10:31:16","slug":"monges-budistas-eitetsu-hayashi-monges-japoneses-cantaram-em-lisboa-toque-a-despertar","status":"publish","type":"post","link":"https:\/\/www.profelectro.info\/fm\/2025\/07\/17\/monges-budistas-eitetsu-hayashi-monges-japoneses-cantaram-em-lisboa-toque-a-despertar\/","title":{"rendered":"Monges Budistas \/ Eitetsu Hayashi &#8211; &#8220;Monges Japoneses Cantaram Em Lisboa &#8211; Toque A Despertar&#8221;"},"content":{"rendered":"<div style=\"text-align: center;margin: 12px;\"><script type=\"text\/javascript\"><!--\ngoogle_ad_client = \"pub-9853707030319137\";\ngoogle_alternate_color = \"FFFFFF\";\ngoogle_ad_width = 336;\ngoogle_ad_height = 280;\ngoogle_ad_format = \"336x280_as\";\ngoogle_ad_type = \"text_image\";\ngoogle_ad_channel =\"\";\ngoogle_color_border = \"#FFFFFF\";\ngoogle_color_link = \"\";\ngoogle_color_bg = \"#FFFFFF\";\ngoogle_color_text = \"\";\ngoogle_color_url = \"\";\ngoogle_ui_features = \"rc:0\";\n\/\/--><\/script>\n<script type=\"text\/javascript\"\n  src=\"http:\/\/pagead2.googlesyndication.com\/pagead\/show_ads.js\">\n<\/script><\/div><p>cultura >> segunda-feira >> 21.11.1994<br \/>\n<center><br \/>\n<strong>Monges Japoneses Cantaram Em Lisboa<br \/>\nToque A Despertar<\/strong><br \/>\n<\/center><br \/>\nESTAVAM anunciados 250 monges \u201cbuzan\u201d da seita budista \u201cShinghon\u201d mas, bem feitas as contas, \u201capenas\u201d 186 estiveram presentes s\u00e1bado \u00e0 noite no Coliseu dos Recreios em Lisboa, para celebrar, com o seus coros, ora\u00e7\u00f5es e sequ\u00eancias de percuss\u00e3o, uma cerim\u00f3nia que \u00e9 pouco habitual ter lugar num palco. Vestidos a rigor com trajes coloridos, o coro \u201cshomyo\u201d (\u201cvoz irradiante\u201d) fez da liturgia um espect\u00e1culo. Ocupando na totalidade a antiga pista do Coliseu, dispostos em v\u00e1rios quadrados conc\u00eantricos em redor de um gigantesco caracter japon\u00eas permanentemente iluminado, no centro, a cerim\u00f3nia foi conduzida por um mestre que, sentado em posi\u00e7\u00e3o estrat\u00e9gica, dirigiu as v\u00e1rias fases do cerimonial, entregando-se durante cerca de hora e meia a todo  tipo de gestos rituais.<br \/>\nCerimonial, ritual, sagrado, tudo isto aconteceu mas envolto numa aura de espectacularidade que decerto n\u00e3o se ter\u00e1 repetido ontem na apresenta\u00e7\u00e3o dos monges na igreja de S. Roque. Houve uma apresenta\u00e7\u00e3o do \u201cshow\u201d (!) feita em ingl\u00eas, uma introdu\u00e7\u00e3o pr\u00e9-gravada de m\u00fasica \u201cnew age\u201d, coreografadas de belo efeito visual e luzes psicad\u00e9licas que, suspeitamos, pouco tiveram de religioso mas o essencial, esse esteve presente e \u00e0 disposi\u00e7\u00e3o de quem o quisesse tocar. As palavras, murmuradas, uivadas, jubilosas ou em solit\u00e1rio recato, n\u00e3o se perceberam. Nem residia a\u00ed o essencial. No espect\u00e1culo, com chancela \u201cLisboa 94\u201d para turista ver, muito menos. Ent\u00e3o esteve onde? Na m\u00fasica, no som, na vibra\u00e7\u00e3o. Nas vozes dos monges, nos seus ritmos imprevis\u00edveis, nas trovoadas e nas estrelas de cristal das trompas, dos sinos e das percuss\u00f5es.<br \/>\nO coro \u201cShomyo\u201d fez uma coisa simples, t\u00e3o simples que n\u00f3s ocidentais por vezes somos incapazes de compreender, impregnados que estamos de um racionalismo que em tudo pretende ver a tradu\u00e7\u00e3o ou o significado de qualquer coisa. O que os monges fazem \u00e9 manter-se despertos e convidar-nos a fazer o mesmo. A simplesmente estar atentos e ouvir. Os sinos que limpam o ar, os tambores que sacodem o corpo e o esp\u00edrito do torpor, as vozes que cantam (H\u00e1 algo mais sagrado do que cantar?) n\u00e3o significam nada. A m\u00fasica basta-se a si pr\u00f3pria, como encarna\u00e7\u00e3o humana do movimento puro. Sintonia.<br \/>\nQuando os tambores rituais, nove \u2013 os mesmos que j\u00e1 tinham soado, em diferente contexto, o ano passado nos claustros dos Jer\u00f3nimos \u2013 ribombaram, impulsionados pelos solos explosivos de Eitetsu Hayashi, foi a terra que subiu ou o c\u00e9u que desceu?<\/p>\n","protected":false},"excerpt":{"rendered":"<p>cultura >> segunda-feira >> 21.11.1994 Monges Japoneses Cantaram Em Lisboa Toque A Despertar ESTAVAM anunciados 250 monges \u201cbuzan\u201d da seita budista \u201cShinghon\u201d mas, bem feitas as contas, \u201capenas\u201d 186 estiveram presentes s\u00e1bado \u00e0 noite no Coliseu dos Recreios em Lisboa, para celebrar, com o seus coros, ora\u00e7\u00f5es e sequ\u00eancias de percuss\u00e3o, uma cerim\u00f3nia que \u00e9 [&hellip;]<\/p>\n","protected":false},"author":1,"featured_media":0,"comment_status":"open","ping_status":"open","sticky":false,"template":"","format":"standard","meta":{"footnotes":""},"categories":[187,1069,841,413,179,28,764,69,68],"tags":[3396,2797,3899,3898],"class_list":["post-12485","post","type-post","status-publish","format-standard","hentry","category-ao-vivo","category-artigos-1994","category-concertos","category-em-portugal","category-etno","category-folk","category-japoneses","category-percussao","category-world","tag-coliseu-de-lisboa","tag-coliseu-dos-recreios","tag-eitetsu-hayashi","tag-monges-budistas"],"views":235,"_links":{"self":[{"href":"https:\/\/www.profelectro.info\/fm\/wp-json\/wp\/v2\/posts\/12485","targetHints":{"allow":["GET"]}}],"collection":[{"href":"https:\/\/www.profelectro.info\/fm\/wp-json\/wp\/v2\/posts"}],"about":[{"href":"https:\/\/www.profelectro.info\/fm\/wp-json\/wp\/v2\/types\/post"}],"author":[{"embeddable":true,"href":"https:\/\/www.profelectro.info\/fm\/wp-json\/wp\/v2\/users\/1"}],"replies":[{"embeddable":true,"href":"https:\/\/www.profelectro.info\/fm\/wp-json\/wp\/v2\/comments?post=12485"}],"version-history":[{"count":1,"href":"https:\/\/www.profelectro.info\/fm\/wp-json\/wp\/v2\/posts\/12485\/revisions"}],"predecessor-version":[{"id":12486,"href":"https:\/\/www.profelectro.info\/fm\/wp-json\/wp\/v2\/posts\/12485\/revisions\/12486"}],"wp:attachment":[{"href":"https:\/\/www.profelectro.info\/fm\/wp-json\/wp\/v2\/media?parent=12485"}],"wp:term":[{"taxonomy":"category","embeddable":true,"href":"https:\/\/www.profelectro.info\/fm\/wp-json\/wp\/v2\/categories?post=12485"},{"taxonomy":"post_tag","embeddable":true,"href":"https:\/\/www.profelectro.info\/fm\/wp-json\/wp\/v2\/tags?post=12485"}],"curies":[{"name":"wp","href":"https:\/\/api.w.org\/{rel}","templated":true}]}}